
{"id":786,"date":"2024-12-26T18:10:52","date_gmt":"2024-12-26T18:10:52","guid":{"rendered":"https:\/\/elprincipaldecorsega.com\/\/youth-art-circle-segunda-edicion\/"},"modified":"2025-01-11T22:45:27","modified_gmt":"2025-01-11T22:45:27","slug":"youth-art-circle-segunda-edicion","status":"publish","type":"post","link":"https:\/\/elprincipaldecorsega.com\/es\/el-cercle\/youth-art-circle-segunda-edicion\/","title":{"rendered":"Youth Art Circle, Segunda Edici\u00f3n"},"content":{"rendered":"<div class=\"wpb-content-wrapper\">[vc_row][vc_column][vc_column_text css=\u00bb\u00bb]\n&#13;\n<div class=\"flex max-w-full flex-col flex-grow\">&#13;\n<div class=\"min-h-8 text-message flex w-full flex-col items-end gap-2 whitespace-normal break-words text-start [.text-message+&amp;]:mt-5\" dir=\"auto\" data-message-author-role=\"assistant\" data-message-id=\"ea89ea24-d7f5-4181-8d65-d593e0de1cce\" data-message-model-slug=\"gpt-4o\">&#13;\n<div class=\"flex w-full flex-col gap-1 empty:hidden first:pt-[3px]\">&#13;\n<div class=\"markdown prose w-full break-words dark:prose-invert dark\">&#13;\n<p>El martes 17 de diciembre se celebr\u00f3 la segunda edici\u00f3n del Youth Art Circle, un encuentro dedicado a j\u00f3venes coleccionistas y amantes del arte, que incluy\u00f3 una visita a la exposici\u00f3n \u201cDominica S\u00e1nchez: ahora y aqu\u00ed\u201d. Esta muestra invita a reflexionar sobre la relaci\u00f3n entre el espacio, el tiempo y la forma a trav\u00e9s de la obra sutil y esencialista de la artista. El evento ofreci\u00f3 a los participantes la oportunidad de descubrir las piezas expuestas y compartir impresiones en un ambiente relajado, consolidando as\u00ed la comunidad vibrante de j\u00f3venes apasionados por el arte. Pr\u00f3ximamente, en el mes de febrero, realizaremos un nuevo encuentro del Youth Art Circle para profundizar en la obra de la artista.  <\/p>&#13;\n<p>\u00a0<\/p>&#13;\n<\/div>&#13;\n<\/div>&#13;\n<\/div>&#13;\n<\/div>&#13;\n<p><\/p><\/p>\n[\/vc_column_text][\/vc_column][\/vc_row][vc_row css=\u00bb.vc_custom_1730229120130{margin-top: 32px !important;}\u00bb][vc_column][vc_masonry_media_grid css=\u00bb\u00bb grid_id=\u00bbvc_gid:1736635338307-a57dc105-04d8-4&#8243; include=\u00bb668,648,644,640&#8243;][\/vc_column][\/vc_row]\n<\/div>","protected":false},"excerpt":{"rendered":"[vc_row][vc_column][vc_column_text css=\u00bb\u00bb] &#13; &#13; &#13; &#13; &#13; El martes 17 de diciembre se celebr\u00f3 la segunda edici\u00f3n del Youth Art Circle, un encuentro dedicado a j\u00f3venes coleccionistas y amantes del arte, que incluy\u00f3 una visita a la exposici\u00f3n \u201cDominica S\u00e1nchez: ahora y aqu\u00ed\u201d. Esta muestra invita a reflexionar sobre la relaci\u00f3n entre el espacio, el&hellip;","protected":false},"author":3,"featured_media":490,"comment_status":"open","ping_status":"open","sticky":false,"template":"","format":"standard","meta":{"_acf_changed":false,"_monsterinsights_skip_tracking":false,"_monsterinsights_sitenote_active":false,"_monsterinsights_sitenote_note":"","_monsterinsights_sitenote_category":0,"footnotes":""},"categories":[45],"tags":[],"class_list":["post-786","post","type-post","status-publish","format-standard","has-post-thumbnail","hentry","category-actual-circulo"],"acf":[],"_links":{"self":[{"href":"https:\/\/elprincipaldecorsega.com\/es\/wp-json\/wp\/v2\/posts\/786","targetHints":{"allow":["GET"]}}],"collection":[{"href":"https:\/\/elprincipaldecorsega.com\/es\/wp-json\/wp\/v2\/posts"}],"about":[{"href":"https:\/\/elprincipaldecorsega.com\/es\/wp-json\/wp\/v2\/types\/post"}],"author":[{"embeddable":true,"href":"https:\/\/elprincipaldecorsega.com\/es\/wp-json\/wp\/v2\/users\/3"}],"replies":[{"embeddable":true,"href":"https:\/\/elprincipaldecorsega.com\/es\/wp-json\/wp\/v2\/comments?post=786"}],"version-history":[{"count":1,"href":"https:\/\/elprincipaldecorsega.com\/es\/wp-json\/wp\/v2\/posts\/786\/revisions"}],"predecessor-version":[{"id":787,"href":"https:\/\/elprincipaldecorsega.com\/es\/wp-json\/wp\/v2\/posts\/786\/revisions\/787"}],"wp:featuredmedia":[{"embeddable":true,"href":"https:\/\/elprincipaldecorsega.com\/es\/wp-json\/wp\/v2\/media\/490"}],"wp:attachment":[{"href":"https:\/\/elprincipaldecorsega.com\/es\/wp-json\/wp\/v2\/media?parent=786"}],"wp:term":[{"taxonomy":"category","embeddable":true,"href":"https:\/\/elprincipaldecorsega.com\/es\/wp-json\/wp\/v2\/categories?post=786"},{"taxonomy":"post_tag","embeddable":true,"href":"https:\/\/elprincipaldecorsega.com\/es\/wp-json\/wp\/v2\/tags?post=786"}],"curies":[{"name":"wp","href":"https:\/\/api.w.org\/{rel}","templated":true}]}}